{"id":2268,"date":"2024-02-17T10:46:09","date_gmt":"2024-02-17T09:46:09","guid":{"rendered":"https:\/\/www.barbantia.es\/www\/cont\/?p=2268"},"modified":"2024-02-17T10:46:09","modified_gmt":"2024-02-17T09:46:09","slug":"celebracion-do-dia-de-rosalia-e-presentacion-de-ana-cabaleiro-en-boiro","status":"publish","type":"post","link":"https:\/\/www.barbantia.es\/www\/cont\/index.php\/2024\/02\/17\/celebracion-do-dia-de-rosalia-e-presentacion-de-ana-cabaleiro-en-boiro\/","title":{"rendered":"CELEBRACI\u00d3N DO D\u00cdA DE ROSAL\u00cdA e PRESENTACI\u00d3N DE ANA CABALEIRO EN BOIRO"},"content":{"rendered":"\n<p><a href=\"https:\/\/www.barbantia.es\/www\/cont\/wp-content\/uploads\/2024\/02\/Convida_23-02-2024_BOIRO-scaled.jpg\"><img loading=\"lazy\" class=\"alignright size-full wp-image-2269\" src=\"https:\/\/www.barbantia.es\/www\/cont\/wp-content\/uploads\/2024\/02\/Convida_23-02-2024_BOIRO-scaled.jpg\" alt=\"\" width=\"2560\" height=\"1808\" srcset=\"https:\/\/www.barbantia.es\/www\/cont\/wp-content\/uploads\/2024\/02\/Convida_23-02-2024_BOIRO-scaled.jpg 2560w, https:\/\/www.barbantia.es\/www\/cont\/wp-content\/uploads\/2024\/02\/Convida_23-02-2024_BOIRO-300x212.jpg 300w, https:\/\/www.barbantia.es\/www\/cont\/wp-content\/uploads\/2024\/02\/Convida_23-02-2024_BOIRO-1024x723.jpg 1024w, https:\/\/www.barbantia.es\/www\/cont\/wp-content\/uploads\/2024\/02\/Convida_23-02-2024_BOIRO-768x542.jpg 768w, https:\/\/www.barbantia.es\/www\/cont\/wp-content\/uploads\/2024\/02\/Convida_23-02-2024_BOIRO-1536x1085.jpg 1536w, https:\/\/www.barbantia.es\/www\/cont\/wp-content\/uploads\/2024\/02\/Convida_23-02-2024_BOIRO-2048x1446.jpg 2048w\" sizes=\"(max-width: 2560px) 100vw, 2560px\" \/><\/a><\/p>\n<div class=\"twttr_buttons\"><div class=\"twttr_twitter\">\n\t\t\t\t\t<a href=\"http:\/\/twitter.com\/share?text=CELEBRACI%C3%93N+DO+D%C3%8DA+DE+ROSAL%C3%8DA+e+PRESENTACI%C3%93N+DE+ANA+CABALEIRO+EN+BOIRO\" class=\"twitter-share-button\" data-via=\"\" data-hashtags=\"\"  data-size=\"default\" data-url=\"https:\/\/www.barbantia.es\/www\/cont\/index.php\/2024\/02\/17\/celebracion-do-dia-de-rosalia-e-presentacion-de-ana-cabaleiro-en-boiro\/\"  data-related=\"\" target=\"_blank\">Tweet<\/a>\n\t\t\t\t<\/div><\/div><div class=\"fcbkbttn_buttons_block\" id=\"fcbkbttn_left\"><div class=\"fcbkbttn_button\">\n\t\t\t\t\t<a href=\"https:\/\/www.facebook.com\/140446132668582\" target=\"_blank\">\n\t\t\t\t\t\t<img src=\"\" alt=\"Fb-Button\" \/>\n\t\t\t\t\t<\/a>\n\t\t\t\t<\/div><div class=\"fcbkbttn_like \"><fb:like href=\"https:\/\/www.barbantia.es\/www\/cont\/index.php\/2024\/02\/17\/celebracion-do-dia-de-rosalia-e-presentacion-de-ana-cabaleiro-en-boiro\/\" action=\"like\" colorscheme=\"light\" layout=\"button_count\"  size=\"small\"><\/fb:like><\/div><\/div>","protected":false},"excerpt":{"rendered":"","protected":false},"author":1,"featured_media":0,"comment_status":"closed","ping_status":"closed","sticky":false,"template":"","format":"standard","meta":[],"categories":[1],"tags":[],"_links":{"self":[{"href":"https:\/\/www.barbantia.es\/www\/cont\/index.php\/wp-json\/wp\/v2\/posts\/2268"}],"collection":[{"href":"https:\/\/www.barbantia.es\/www\/cont\/index.php\/wp-json\/wp\/v2\/posts"}],"about":[{"href":"https:\/\/www.barbantia.es\/www\/cont\/index.php\/wp-json\/wp\/v2\/types\/post"}],"author":[{"embeddable":true,"href":"https:\/\/www.barbantia.es\/www\/cont\/index.php\/wp-json\/wp\/v2\/users\/1"}],"replies":[{"embeddable":true,"href":"https:\/\/www.barbantia.es\/www\/cont\/index.php\/wp-json\/wp\/v2\/comments?post=2268"}],"version-history":[{"count":1,"href":"https:\/\/www.barbantia.es\/www\/cont\/index.php\/wp-json\/wp\/v2\/posts\/2268\/revisions"}],"predecessor-version":[{"id":2270,"href":"https:\/\/www.barbantia.es\/www\/cont\/index.php\/wp-json\/wp\/v2\/posts\/2268\/revisions\/2270"}],"wp:attachment":[{"href":"https:\/\/www.barbantia.es\/www\/cont\/index.php\/wp-json\/wp\/v2\/media?parent=2268"}],"wp:term":[{"taxonomy":"category","embeddable":true,"href":"https:\/\/www.barbantia.es\/www\/cont\/index.php\/wp-json\/wp\/v2\/categories?post=2268"},{"taxonomy":"post_tag","embeddable":true,"href":"https:\/\/www.barbantia.es\/www\/cont\/index.php\/wp-json\/wp\/v2\/tags?post=2268"}],"curies":[{"name":"wp","href":"https:\/\/api.w.org\/{rel}","templated":true}]}}